{"id":1085,"date":"2014-09-10T11:07:46","date_gmt":"2014-09-10T11:07:46","guid":{"rendered":"http:\/\/prolog-zeichnung-und-text.de\/blog\/?p=1085"},"modified":"2014-09-21T19:46:17","modified_gmt":"2014-09-21T19:46:17","slug":"uta-eroeffnet-am-montag-den-15-9-18-uhr","status":"publish","type":"post","link":"https:\/\/prolog-zeichnung-und-text.de\/blog\/uta-eroeffnet-am-montag-den-15-9-18-uhr\/","title":{"rendered":"UTA er\u00f6ffnet am Montag, den 15.9., 18 Uhr"},"content":{"rendered":"<h3 style=\"line-height: 21.2999992370605px; color: #444444; font-size: 15.1999998092651px; background-color: #ffffff;\">Das war unsere Wand auf der UTA. Vielen Dank an die Kunsthalle!<\/h3>\n<div style=\"line-height: 21.2999992370605px; color: #444444; font-size: 15.1999998092651px; background-color: #ffffff;\"><img loading=\"lazy\" decoding=\"async\" class=\"aligncenter size-large wp-image-1237\" src=\"https:\/\/prolog-zeichnung-und-text.de\/blog\/wp-content\/uploads\/unsereWand-1036x951.jpg\" alt=\"unsereWand\" width=\"695\" height=\"637\" srcset=\"https:\/\/prolog-zeichnung-und-text.de\/blog\/wp-content\/uploads\/unsereWand-1036x951.jpg 1036w, https:\/\/prolog-zeichnung-und-text.de\/blog\/wp-content\/uploads\/unsereWand-600x551.jpg 600w, https:\/\/prolog-zeichnung-und-text.de\/blog\/wp-content\/uploads\/unsereWand-300x275.jpg 300w, https:\/\/prolog-zeichnung-und-text.de\/blog\/wp-content\/uploads\/unsereWand.jpg 1600w\" sizes=\"auto, (max-width: 695px) 100vw, 695px\" \/><\/div>\n<div style=\"line-height: 21.2999992370605px; color: #444444; font-size: 15.1999998092651px; background-color: #ffffff;\"><\/div>\n<div style=\"line-height: 21.2999992370605px; color: #444444; font-size: 15.1999998092651px; background-color: #ffffff;\"><\/div>\n<div style=\"line-height: 21.2999992370605px; color: #444444; font-size: 15.1999998092651px; background-color: #ffffff;\"><b><span style=\"color: #cc0000;\"><big><big><big><big>UTA*<\/big><\/big><\/big><\/big> <\/span>er\u00f6ffnet am <big><big><big>Montag, den 15.9., 18 Uhr <\/big><\/big><\/big><\/b><b style=\"line-height: 21.2999992370605px;\">bis 21. September.<\/b><span style=\"font-size: 15.1999998092651px; line-height: 21.2999992370605px;\">\u00a0<\/span><\/div>\n<div style=\"line-height: 21.2999992370605px; color: #444444; font-size: 15.1999998092651px; background-color: #ffffff;\"><span style=\"font-size: 15.1999998092651px; line-height: 21.2999992370605px;\"><br \/>\n*<\/span><span class=\"ecxcsC411FDAA\" style=\"color: #000000; background-color: transparent; font-family: TheSansOffice; font-size: 12pt; font-weight: normal; font-style: normal;\">Parallel zur Berlin Art Week<\/span><span class=\"ecxcs5F9718AB\" style=\"color: #000000; background-color: transparent; font-family: TheSansOffice; font-size: 12pt; font-weight: bold; font-style: normal;\">: UTA \u2013 Werke Unter TAusend<\/span><\/div>\n<p>&#8222;<span class=\"ecxcsC411FDAA\" style=\"color: #000000; background-color: transparent; font-family: TheSansOffice; font-size: 12pt; font-weight: normal; font-style: normal;\">Wir verlassen das akademisch-k\u00fcnstlerisch-institutionelle Ghetto und begeben uns auf die Pirsch. Nach allen neugierigen Beobachtern und Z\u00f6gerern, nach (Schn\u00e4ppchen-)J\u00e4gern und Sammlern.<\/span><span class=\"ecxcsC411FDAA\" style=\"color: #000000; background-color: transparent; font-family: TheSansOffice; font-size: 12pt; font-weight: normal; font-style: normal;\"><br \/>\n<\/span><\/p>\n<div style=\"text-align: left; text-indent: 0pt;\"><span class=\"ecxcsC411FDAA\" style=\"color: #000000; background-color: transparent; font-family: TheSansOffice; font-size: 12pt; font-weight: normal; font-style: normal;\">UTA: Keimzelle zu Selbstbestimmtheit und Selbst\u00e4ndigkeit in k\u00fcnstlerischer Produktion, Betrachtung, Kontakten und Formen neuen Sammelns. Selbst gucken macht Arbeit, aber GL\u00dcCKLICH!&#8220; sagen die UTA-Macher. <\/span><\/div>\n<div style=\"text-align: left; text-indent: 0pt;\"><\/div>\n<div style=\"text-align: left; text-indent: 0pt;\"><span class=\"ecxcsC411FDAA\" style=\"color: #000000; background-color: transparent; font-family: TheSansOffice; font-size: 12pt; font-weight: normal; font-style: normal;\">Prolog &#8211; Heft f\u00fcr Zeichnung und Text wird mit den K\u00fcnstlern Martin Bartels \u2026. Christoph Janik \u2026. <\/span><span class=\"ecxApple-style-span\" style=\"border-collapse: separate; color: #000000; font-family: Helvetica; font-style: normal; font-variant: normal; font-weight: normal; letter-spacing: normal; line-height: normal; orphans: 2; text-align: -webkit-auto; text-indent: 0px; text-transform: none; white-space: normal; widows: 2; word-spacing: 0px; font-size: medium;\"><span class=\"ecxcsC411FDAA\" style=\"color: #000000; background-color: transparent; font-family: TheSansOffice; font-size: 12pt; font-weight: normal; font-style: normal;\">Anton Schwarzbach \u2026. Dorit Trebeljahr \u2026. Astrid Menze \u2026. <\/span><\/span><span class=\"ecxcsC411FDAA\" style=\"color: #000000; background-color: transparent; font-family: TheSansOffice; font-size: 12pt; font-weight: normal; font-style: normal;\">Johanna Silbermann \u2026. Andreas Koletzki \u2026. Hanna Hennenkemper\u2026. Henning Hennenkemper dort neben vielen vielen Anderen vertreten sein.<\/span><\/div>\n<address style=\"text-align: left; text-indent: 0pt;\">\u00a0<\/address>\n<address style=\"text-align: left; text-indent: 0pt;\">Mehr Informationen: <a href=\"https:\/\/kunsthalle.kunsthochschule-berlin.de\/art-weissensee-programm\/\" target=\"_blank\">https:\/\/kunsthalle.kunsthochschule-berlin.de\/art-weissensee-programm\/<\/a>\u00a0 \/\/\/\/\u00a0 <a href=\"https:\/\/www.facebook.com\/KunsthalleHamburgerPlatz\" target=\"_blank\">https:\/\/www.facebook.com\/KunsthalleHamburgerPlatz<\/a><\/address>\n<p>&nbsp;<\/p>\n","protected":false},"excerpt":{"rendered":"<p>Das war unsere Wand auf der UTA. Vielen Dank an die Kunsthalle! UTA* er\u00f6ffnet am Montag, den 15.9., 18 Uhr bis 21. September.\u00a0 *Parallel zur Berlin Art Week: UTA \u2013 Werke Unter TAusend &#8222;Wir verlassen das akademisch-k\u00fcnstlerisch-institutionelle Ghetto und begeben uns auf die Pirsch. Nach allen neugierigen Beobachtern und Z\u00f6gerern, nach (Schn\u00e4ppchen-)J\u00e4gern und Sammlern. UTA: <a href='https:\/\/prolog-zeichnung-und-text.de\/blog\/uta-eroeffnet-am-montag-den-15-9-18-uhr\/' class='excerpt-more'>[&#8230;]<\/a><\/p>\n","protected":false},"author":2,"featured_media":0,"comment_status":"closed","ping_status":"closed","sticky":false,"template":"","format":"standard","meta":{"footnotes":""},"categories":[4],"tags":[],"class_list":["post-1085","post","type-post","status-publish","format-standard","hentry","category-veranstaltung","category-4-id","post-seq-1","post-parity-odd","meta-position-corners","fix"],"_links":{"self":[{"href":"https:\/\/prolog-zeichnung-und-text.de\/blog\/wp-json\/wp\/v2\/posts\/1085","targetHints":{"allow":["GET"]}}],"collection":[{"href":"https:\/\/prolog-zeichnung-und-text.de\/blog\/wp-json\/wp\/v2\/posts"}],"about":[{"href":"https:\/\/prolog-zeichnung-und-text.de\/blog\/wp-json\/wp\/v2\/types\/post"}],"author":[{"embeddable":true,"href":"https:\/\/prolog-zeichnung-und-text.de\/blog\/wp-json\/wp\/v2\/users\/2"}],"replies":[{"embeddable":true,"href":"https:\/\/prolog-zeichnung-und-text.de\/blog\/wp-json\/wp\/v2\/comments?post=1085"}],"version-history":[{"count":6,"href":"https:\/\/prolog-zeichnung-und-text.de\/blog\/wp-json\/wp\/v2\/posts\/1085\/revisions"}],"predecessor-version":[{"id":1099,"href":"https:\/\/prolog-zeichnung-und-text.de\/blog\/wp-json\/wp\/v2\/posts\/1085\/revisions\/1099"}],"wp:attachment":[{"href":"https:\/\/prolog-zeichnung-und-text.de\/blog\/wp-json\/wp\/v2\/media?parent=1085"}],"wp:term":[{"taxonomy":"category","embeddable":true,"href":"https:\/\/prolog-zeichnung-und-text.de\/blog\/wp-json\/wp\/v2\/categories?post=1085"},{"taxonomy":"post_tag","embeddable":true,"href":"https:\/\/prolog-zeichnung-und-text.de\/blog\/wp-json\/wp\/v2\/tags?post=1085"}],"curies":[{"name":"wp","href":"https:\/\/api.w.org\/{rel}","templated":true}]}}