{"id":1303,"date":"2014-11-25T11:38:01","date_gmt":"2014-11-25T11:38:01","guid":{"rendered":"http:\/\/prolog-zeichnung-und-text.de\/blog\/?p=1303"},"modified":"2020-11-19T16:06:00","modified_gmt":"2020-11-19T16:06:00","slug":"letzter-termin-2014-prolog-x3-ist-in-der-vorbereitung","status":"publish","type":"post","link":"https:\/\/prolog-zeichnung-und-text.de\/blog\/letzter-termin-2014-prolog-x3-ist-in-der-vorbereitung\/","title":{"rendered":"Letzter Termin 2014 &#038; Prolog X3 ist in der Vorbereitung&#8230;"},"content":{"rendered":"<p><a href=\"https:\/\/prolog-zeichnung-und-text.de\/blog\/wp-content\/uploads\/Unbenannt.bmp\"><img loading=\"lazy\" decoding=\"async\" class=\"aligncenter wp-image-1308 size-full\" src=\"https:\/\/prolog-zeichnung-und-text.de\/blog\/wp-content\/uploads\/Unbenannt.bmp\" alt=\"Unbenannt\" width=\"897\" height=\"425\" srcset=\"https:\/\/prolog-zeichnung-und-text.de\/blog\/wp-content\/uploads\/Unbenannt.bmp 897w, https:\/\/prolog-zeichnung-und-text.de\/blog\/wp-content\/uploads\/Unbenannt-600x284.jpg 600w, https:\/\/prolog-zeichnung-und-text.de\/blog\/wp-content\/uploads\/Unbenannt-300x142.bmp 300w\" sizes=\"auto, (max-width: 897px) 100vw, 897px\" \/><\/a>Am 30.11. ab 20 Uhr sind wir auf der B\u00fchne beim Literaturfestival Heinersdorf 2 in der <a href=\"https:\/\/www.rumbalotte-continua.de\/\">Kulturspelunke Rumbalotte continua (Prenzlauerberg)<\/a>. Unsere G\u00e4ste sind Yvonne Andreini,\u00a0 Patrick WEH Weiland und Dorit Trebeljahr, Anton Schwarzbach (Prolog). Es gibt Texte, Wirrwarr, Songs. Und wer beim Heft schon mal dabei war und rumkommt, kriegt auch das Mikro in die Hand.<\/p>\n<p><em>\u00a0` \u00b4\u00a0 **`\u00b4\u00a0 * `\u00b4`\u00b4 \u00b4* \u00a0\u00a0 \u00b4\u00a0 ***\u00b4\u00b4\u00a0\u00a0 \u00a0` \u00b4\u00a0 **`\u00b4\u00a0 * `\u00b4`\u00b4 \u00b4* \u00a0\u00a0 \u00b4\u00a0 ***\u00b4\u00b4\u00a0\u00a0 \u00a0` \u00b4\u00a0 **`\u00b4\u00a0 * `\u00b4`\u00b4 \u00b4* \u00a0<\/em><\/p>\n<p><em>\u00a0 \u00b4\u00a0 ***\u00b4\u00b4\u00a0\u00a0 `\u00b4`\u00b4 \u00b4* \u00a0\u00a0 \u00b4\u00a0 ***\u00b4\u00b4\u00a0\u00a0 \u00a0` \u00b4\u00a0 **`\u00b4\u00a0 * `\u00b4`\u00b4 \u00b4* \u00a0\u00a0 \u00b4\u00a0 ***\u00b4\u00b4\u00a0\u00a0 \u00a0` \u00b4\u00a0 **`\u00b4\u00a0 * `\u00b4`\u00b4 \u00b4* \u00a0\u00a0 \u00b4\u00a0 ***\u00b4\u00b4\u00a0 <\/em>Prolog X3 ist in der Vorbereitung&#8230;w\u00e4chst und gedeiht aus &#8222;Splitter, Spuren, Reste, Fragmente, St\u00fccke&#8220;. Das Heft erscheint wahrscheinlich im Januar. Auf Papier, recycelt aus unseren Weihnachtsb\u00e4umen. Wer sich oder anderen etwas unter die geschm\u00fcckten Nadelzweige w\u00fcnscht, es gibt Einiges auf unserer <a href=\"https:\/\/prolog-zeichnung-und-text.de\/blog\/heftkiosk\/\">Heftkiosk<\/a> Seite. Auch malen wir gern auf Anfrage pers\u00f6nlich einen Geschenke-Gutschein f\u00fcr das <a title=\"Kontakt\/Bestellung\" href=\"https:\/\/prolog-zeichnung-und-text.de\/blog\/kontakt\/\" target=\"_blank\" rel=\"noopener noreferrer\">Probe-Abo<\/a> oder f\u00fcr den PrologX3.<\/p>\n<p style=\"text-align: center;\">\u00a0` \u00b4\u00a0 **`\u00b4\u00a0 * `\u00b4`\u00b4 \u00b4* \u00a0\u00a0 \u00b4\u00a0 ***\u00b4\u00b4 \u00a0 \u00a0 \u00a0\u00a0` \u00b4\u00a0 **`\u00b4\u00a0 * `\u00b4`\u00b4 \u00b4* \u00a0\u00a0 \u00b4\u00a0 ***\u00b4\u00b4 \u00a0\u00a0` \u00b4\u00a0 **`\u00b4\u00a0 * `\u00b4`\u00b4 \u00b4* \u00a0\u00a0 \u00b4\u00a0 ***\u00b4\u00b4 \u00a0 \u00a0 `<\/p>\n<p style=\"text-align: center;\">\u00a0 `\u00b4 \u00b4* \u00a0\u00a0 \u00b4\u00a0 ***\u00b4\u00b4\u00a0` \u00b4 \u00a0 \u00a0 \u00a0 \u00a0 \u00a0 \u00a0 **`\u00b4\u00a0 * `\u00b4`\u00b4 \u00b4* \u00a0\u00a0 \u00b4\u00a0 ***\u00b4\u00b4\u00a0`\u00a0\u00a0\u00a0 \u00b4\u00a0 **`\u00b4\u00a0 * `\u00b4`\u00b4 \u00b4* \u00a0\u00a0 \u00b4\u00a0 ***\u00b4\u00b4\u00a0` \u00b4\u00a0 **`\u00b4 \u00a0 \u00a0 \u00a0 \u00a0 \u00a0\u00a0 * `\u00b4`\u00b4<\/p>\n<p>\u00a0` \u00b4\u00a0 **`\u00b4\u00a0 * `\u00b4`\u00b4 \u00b4* \u00a0\u00a0 \u00b4\u00a0 ***\u00b4\u00b4\u00a0\u00a0\u00a0\u00a0\u00a0\u00a0\u00a0\u00a0\u00a0\u00a0\u00a0\u00a0\u00a0\u00a0\u00a0\u00a0\u00a0\u00a0\u00a0\u00a0\u00a0\u00a0\u00a0\u00a0\u00a0\u00a0\u00a0\u00a0\u00a0\u00a0\u00a0\u00a0\u00a0\u00a0\u00a0\u00a0 \u00a0` \u00b4\u00a0 **`\u00b4\u00a0 * `\u00b4`\u00b4 \u00b4* \u00a0\u00a0 \u00b4\u00a0 ***\u00b4\u00b4<\/p>\n<p>&nbsp;<\/p>\n","protected":false},"excerpt":{"rendered":"<p>Am 30.11. ab 20 Uhr sind wir auf der B\u00fchne beim Literaturfestival Heinersdorf 2 in der Kulturspelunke Rumbalotte continua (Prenzlauerberg). Unsere G\u00e4ste sind Yvonne Andreini,\u00a0 Patrick WEH Weiland und Dorit Trebeljahr, Anton Schwarzbach (Prolog). Es gibt Texte, Wirrwarr, Songs. Und wer beim Heft schon mal dabei war und rumkommt, kriegt auch das Mikro in die <a href='https:\/\/prolog-zeichnung-und-text.de\/blog\/letzter-termin-2014-prolog-x3-ist-in-der-vorbereitung\/' class='excerpt-more'>[&#8230;]<\/a><\/p>\n","protected":false},"author":2,"featured_media":0,"comment_status":"closed","ping_status":"closed","sticky":false,"template":"","format":"standard","meta":{"footnotes":""},"categories":[2],"tags":[],"class_list":["post-1303","post","type-post","status-publish","format-standard","hentry","category-allgemein","category-2-id","post-seq-1","post-parity-odd","meta-position-corners","fix"],"_links":{"self":[{"href":"https:\/\/prolog-zeichnung-und-text.de\/blog\/wp-json\/wp\/v2\/posts\/1303","targetHints":{"allow":["GET"]}}],"collection":[{"href":"https:\/\/prolog-zeichnung-und-text.de\/blog\/wp-json\/wp\/v2\/posts"}],"about":[{"href":"https:\/\/prolog-zeichnung-und-text.de\/blog\/wp-json\/wp\/v2\/types\/post"}],"author":[{"embeddable":true,"href":"https:\/\/prolog-zeichnung-und-text.de\/blog\/wp-json\/wp\/v2\/users\/2"}],"replies":[{"embeddable":true,"href":"https:\/\/prolog-zeichnung-und-text.de\/blog\/wp-json\/wp\/v2\/comments?post=1303"}],"version-history":[{"count":6,"href":"https:\/\/prolog-zeichnung-und-text.de\/blog\/wp-json\/wp\/v2\/posts\/1303\/revisions"}],"predecessor-version":[{"id":2857,"href":"https:\/\/prolog-zeichnung-und-text.de\/blog\/wp-json\/wp\/v2\/posts\/1303\/revisions\/2857"}],"wp:attachment":[{"href":"https:\/\/prolog-zeichnung-und-text.de\/blog\/wp-json\/wp\/v2\/media?parent=1303"}],"wp:term":[{"taxonomy":"category","embeddable":true,"href":"https:\/\/prolog-zeichnung-und-text.de\/blog\/wp-json\/wp\/v2\/categories?post=1303"},{"taxonomy":"post_tag","embeddable":true,"href":"https:\/\/prolog-zeichnung-und-text.de\/blog\/wp-json\/wp\/v2\/tags?post=1303"}],"curies":[{"name":"wp","href":"https:\/\/api.w.org\/{rel}","templated":true}]}}