{"id":1578,"date":"2015-11-20T18:13:08","date_gmt":"2015-11-20T18:13:08","guid":{"rendered":"http:\/\/prolog-zeichnung-und-text.de\/blog\/?p=1578"},"modified":"2015-11-25T18:17:06","modified_gmt":"2015-11-25T18:17:06","slug":"beim-zinefest-2015","status":"publish","type":"post","link":"https:\/\/prolog-zeichnung-und-text.de\/blog\/beim-zinefest-2015\/","title":{"rendered":"beim Zinefest 2015"},"content":{"rendered":"<p><a href=\"https:\/\/prolog-zeichnung-und-text.de\/blog\/wp-content\/uploads\/Zinefest2015.jpg\"><img loading=\"lazy\" decoding=\"async\" class=\"aligncenter size-large wp-image-1579\" src=\"https:\/\/prolog-zeichnung-und-text.de\/blog\/wp-content\/uploads\/Zinefest2015-1036x327.jpg\" alt=\"Zinefest2015\" width=\"695\" height=\"219\" srcset=\"https:\/\/prolog-zeichnung-und-text.de\/blog\/wp-content\/uploads\/Zinefest2015-1036x327.jpg 1036w, https:\/\/prolog-zeichnung-und-text.de\/blog\/wp-content\/uploads\/Zinefest2015-600x189.jpg 600w, https:\/\/prolog-zeichnung-und-text.de\/blog\/wp-content\/uploads\/Zinefest2015-150x47.jpg 150w, https:\/\/prolog-zeichnung-und-text.de\/blog\/wp-content\/uploads\/Zinefest2015-300x95.jpg 300w, https:\/\/prolog-zeichnung-und-text.de\/blog\/wp-content\/uploads\/Zinefest2015.jpg 1987w\" sizes=\"auto, (max-width: 695px) 100vw, 695px\" \/><\/a><\/p>\n<p>Ein kleiner Nachtrag vom Zinefest am 7.-8. Nov. in den R\u00e4umen der SFE in den Mehringh\u00f6fen: Abitur f\u00fcr Punker, Veggies u.a. mit RaucherInnenraum&#8230; Viele kleine Zines, spanisc<span class=\"text_exposed_show\">h, franz\u00f6sisch, japanisch, deutsch mit und ohne queer und zum Ausmalen&#8230; Danke <a href=\"https:\/\/www.facebook.com\/zinefestberlin\">www.facebook.com\/zinefestberlin<\/a>!<br \/>\nPS: In zwei Wochen erscheint der neue Prolog X5! Bald mehr&#8230;<\/span><\/p>\n","protected":false},"excerpt":{"rendered":"<p>Ein kleiner Nachtrag vom Zinefest am 7.-8. Nov. in den R\u00e4umen der SFE in den Mehringh\u00f6fen: Abitur f\u00fcr Punker, Veggies u.a. mit RaucherInnenraum&#8230; Viele kleine Zines, spanisch, franz\u00f6sisch, japanisch, deutsch mit und ohne queer und zum Ausmalen&#8230; Danke www.facebook.com\/zinefestberlin! PS: In zwei Wochen erscheint der neue Prolog X5! Bald mehr&#8230;<\/p>\n","protected":false},"author":2,"featured_media":0,"comment_status":"closed","ping_status":"closed","sticky":false,"template":"","format":"standard","meta":{"footnotes":""},"categories":[4],"tags":[],"class_list":["post-1578","post","type-post","status-publish","format-standard","hentry","category-veranstaltung","category-4-id","post-seq-1","post-parity-odd","meta-position-corners","fix"],"_links":{"self":[{"href":"https:\/\/prolog-zeichnung-und-text.de\/blog\/wp-json\/wp\/v2\/posts\/1578","targetHints":{"allow":["GET"]}}],"collection":[{"href":"https:\/\/prolog-zeichnung-und-text.de\/blog\/wp-json\/wp\/v2\/posts"}],"about":[{"href":"https:\/\/prolog-zeichnung-und-text.de\/blog\/wp-json\/wp\/v2\/types\/post"}],"author":[{"embeddable":true,"href":"https:\/\/prolog-zeichnung-und-text.de\/blog\/wp-json\/wp\/v2\/users\/2"}],"replies":[{"embeddable":true,"href":"https:\/\/prolog-zeichnung-und-text.de\/blog\/wp-json\/wp\/v2\/comments?post=1578"}],"version-history":[{"count":3,"href":"https:\/\/prolog-zeichnung-und-text.de\/blog\/wp-json\/wp\/v2\/posts\/1578\/revisions"}],"predecessor-version":[{"id":1583,"href":"https:\/\/prolog-zeichnung-und-text.de\/blog\/wp-json\/wp\/v2\/posts\/1578\/revisions\/1583"}],"wp:attachment":[{"href":"https:\/\/prolog-zeichnung-und-text.de\/blog\/wp-json\/wp\/v2\/media?parent=1578"}],"wp:term":[{"taxonomy":"category","embeddable":true,"href":"https:\/\/prolog-zeichnung-und-text.de\/blog\/wp-json\/wp\/v2\/categories?post=1578"},{"taxonomy":"post_tag","embeddable":true,"href":"https:\/\/prolog-zeichnung-und-text.de\/blog\/wp-json\/wp\/v2\/tags?post=1578"}],"curies":[{"name":"wp","href":"https:\/\/api.w.org\/{rel}","templated":true}]}}