{"id":190,"date":"2011-08-09T18:48:59","date_gmt":"2011-08-09T16:48:59","guid":{"rendered":"http:\/\/prolog-zeichnung-und-text.de\/blog\/?p=190"},"modified":"2011-08-09T18:48:59","modified_gmt":"2011-08-09T16:48:59","slug":"aufruf-zur-8","status":"publish","type":"post","link":"https:\/\/prolog-zeichnung-und-text.de\/blog\/aufruf-zur-8\/","title":{"rendered":"Aufruf zur 8"},"content":{"rendered":"<p><span style=\"font-size: small;\">Prolog ruft auf: k\u00fcnstlerische Standpunkte, k\u00fcnstlerische Arbeiten zu  den Themen Attit\u00fcde und stark schimmernde Gebilde bis zum 2.10.2011 f\u00fcr  das neue Heft einzuschicken. <a title=\"Raum 3\" href=\"https:\/\/prolog-zeichnung-und-text.de\/menuvlnr3.html\">(Link zum Aufruf)<\/a> <a title=\"Raum 3\" href=\"https:\/\/prolog-zeichnung-und-text.de\/menuvlnr3.html\"><\/a><a title=\"Empfang\" href=\"https:\/\/prolog-zeichnung-und-text.de\/menuvlnr1.html\">(Link zum was das Heft ist)<\/a><br \/>\n<\/span><\/p>\n<p><img loading=\"lazy\" decoding=\"async\" class=\" alignleft\" style=\"border: 1px solid black; margin-left: 9px; margin-right: 9px;\" src=\"https:\/\/prolog-zeichnung-und-text.de\/blog\/wp-content\/uploads\/kukuk_attituede.jpg\" alt=\"Kuckuckseier in verschiedenen Gelegen\" width=\"288\" height=\"454\" \/><\/p>\n<p><!-- p { margin-bottom: 0.21cm; } --><span style=\"font-size: small;\"> <\/span><\/p>\n<p><span style=\"font-size: small; color: #3366ff;\"><em>Attit\u00fcde<\/em>* ungleich <em>Attrappe<\/em>*\u00b2 eher <em>Atum<\/em>*\u00b3<\/span><\/p>\n<p><span style=\"font-size: small; color: #3366ff;\">* Einstellung, Haltung und Position -&gt; Auf einem Bein stehen, das Andere nach hinten, 90\u00b0 im Knie gebeugt, einen Arm zur Seite und einen \u00fcber den Kopf gestreckt. (F\u00fcr die weitere Lesezeit ist diese Pose jetzt einzunehmen.)<\/span><\/p>\n<p><span style=\"font-size: small; color: #3366ff;\">*\u00b2  tr\u00fcger. Schein, t\u00e4uschend \u00e4hnl. Nachbildung eines Gegenstandes<\/span><\/p>\n<p><span style=\"font-size: small; color: #3366ff;\">*\u00b3 \u00e4gypt. Urgott\/ Weltensch\u00f6pfer, durch Selbstbegattung schuf er das erste G\u00f6tterpaar Schu und Tefnut<\/span><\/p>\n<p>&nbsp;<\/p>\n<p style=\"text-align: right;\"><span style=\"font-size: small;\">Von der Stra\u00dfe &#8211; Attit\u00fcde?<\/span><\/p>\n<p style=\"text-align: right;\"><span style=\"font-size: small;\">\/\/\/ Attit\u00fcde, nee, die ist, wie alles Anfang der 80er die Gosse runter. Heute haben doch alle nur All\u00fcren \u2013 Bist\u2019e Praktikant? &#8230; \/\/\/ Attit\u00fcde sind das nicht so K\u00fcnstler mit rotem Schal? \/\/\/ Attit\u00fcde. Attit\u00fcde? Was Besonderes sein wollen, nicht so normal wie wir. Oder? \/\/\/ Nee T\u00fcten haben wir nur mit Netto drauf. \/\/\/<\/span><\/p>\n<p style=\"text-align: right;\"><span style=\"font-size: small; color: #3366ff;\">(R\u00fchren.)<\/span><\/p>\n","protected":false},"excerpt":{"rendered":"<p>Prolog ruft auf: k\u00fcnstlerische Standpunkte, k\u00fcnstlerische Arbeiten zu den Themen Attit\u00fcde und stark schimmernde Gebilde bis zum 2.10.2011 f\u00fcr das neue Heft einzuschicken. (Link zum Aufruf) (Link zum was das Heft ist) Attit\u00fcde* ungleich Attrappe*\u00b2 eher Atum*\u00b3 * Einstellung, Haltung und Position -&gt; Auf einem Bein stehen, das Andere nach hinten, 90\u00b0 im Knie gebeugt, <a href='https:\/\/prolog-zeichnung-und-text.de\/blog\/aufruf-zur-8\/' class='excerpt-more'>[&#8230;]<\/a><\/p>\n","protected":false},"author":2,"featured_media":0,"comment_status":"closed","ping_status":"closed","sticky":false,"template":"","format":"standard","meta":{"footnotes":""},"categories":[2],"tags":[],"class_list":["post-190","post","type-post","status-publish","format-standard","hentry","category-allgemein","category-2-id","post-seq-1","post-parity-odd","meta-position-corners","fix"],"_links":{"self":[{"href":"https:\/\/prolog-zeichnung-und-text.de\/blog\/wp-json\/wp\/v2\/posts\/190","targetHints":{"allow":["GET"]}}],"collection":[{"href":"https:\/\/prolog-zeichnung-und-text.de\/blog\/wp-json\/wp\/v2\/posts"}],"about":[{"href":"https:\/\/prolog-zeichnung-und-text.de\/blog\/wp-json\/wp\/v2\/types\/post"}],"author":[{"embeddable":true,"href":"https:\/\/prolog-zeichnung-und-text.de\/blog\/wp-json\/wp\/v2\/users\/2"}],"replies":[{"embeddable":true,"href":"https:\/\/prolog-zeichnung-und-text.de\/blog\/wp-json\/wp\/v2\/comments?post=190"}],"version-history":[{"count":0,"href":"https:\/\/prolog-zeichnung-und-text.de\/blog\/wp-json\/wp\/v2\/posts\/190\/revisions"}],"wp:attachment":[{"href":"https:\/\/prolog-zeichnung-und-text.de\/blog\/wp-json\/wp\/v2\/media?parent=190"}],"wp:term":[{"taxonomy":"category","embeddable":true,"href":"https:\/\/prolog-zeichnung-und-text.de\/blog\/wp-json\/wp\/v2\/categories?post=190"},{"taxonomy":"post_tag","embeddable":true,"href":"https:\/\/prolog-zeichnung-und-text.de\/blog\/wp-json\/wp\/v2\/tags?post=190"}],"curies":[{"name":"wp","href":"https:\/\/api.w.org\/{rel}","templated":true}]}}