{"id":2150,"date":"2018-12-13T15:58:41","date_gmt":"2018-12-13T15:58:41","guid":{"rendered":"http:\/\/prolog-zeichnung-und-text.de\/blog\/?p=2150"},"modified":"2019-03-13T16:25:36","modified_gmt":"2019-03-13T16:25:36","slug":"prolog-im-aap-und-das-aap-im-haus-der-kunst-und-alles-in-muenchen","status":"publish","type":"post","link":"https:\/\/prolog-zeichnung-und-text.de\/blog\/prolog-im-aap-und-das-aap-im-haus-der-kunst-und-alles-in-muenchen\/","title":{"rendered":"Prolog im AAP und das AAP im Haus der Kunst und alles in M\u00fcnchen"},"content":{"rendered":"\n<p>Von Oktober 2018 bis August 2019 ist das Archiv K\u00fcnstlerpublikationen \u201eArchive in Residence\u201c in der Archiv Galerie des Haus der Kunst. Die Ausstellung bildet den Auftakt einer Reihe von Pr\u00e4sentationen, die autonome Archive vorstellt und Fragen \u00fcber das Verh\u00e4ltnis von Archiv, Geschichte und ihrer Repr\u00e4sentation diskutiert.<br>In den offenen Archivboxen, die das AAP dort aufgestellt hat, finden sich eine Vielzahl von K\u00fcnstlerb\u00fcchern, Magazinen, Zines und auch etwas Theorie, direkt zum Lesen und Bl\u00e4ttern und eben auch Prolog.<\/p>\n\n\n\n<p>Blogartikel: <a href=\"https:\/\/artistbooks.de\/blog\/aap-im-haus-der-kunst\/\">AAP<\/a><\/p>\n\n\n\n<p>Webseite: <a href=\"https:\/\/hausderkunst.de\/ausstellungen\/archiv-galerie-2018-19-archives-in-residence-aap-archiv-kuenstlerpublikationen-archive-artist-publications\">Haus der Kunst<\/a><\/p>\n\n\n\n<p><\/p>\n","protected":false},"excerpt":{"rendered":"<p>Von Oktober 2018 bis August 2019 ist das Archiv K\u00fcnstlerpublikationen \u201eArchive in Residence\u201c in der Archiv Galerie des Haus der Kunst. Die Ausstellung bildet den Auftakt einer Reihe von Pr\u00e4sentationen, die autonome Archive vorstellt und Fragen \u00fcber das Verh\u00e4ltnis von Archiv, Geschichte und ihrer Repr\u00e4sentation diskutiert.In den offenen Archivboxen, die das AAP dort aufgestellt hat, <a href='https:\/\/prolog-zeichnung-und-text.de\/blog\/prolog-im-aap-und-das-aap-im-haus-der-kunst-und-alles-in-muenchen\/' class='excerpt-more'>[&#8230;]<\/a><\/p>\n","protected":false},"author":2,"featured_media":0,"comment_status":"closed","ping_status":"closed","sticky":false,"template":"","format":"standard","meta":{"footnotes":""},"categories":[2],"tags":[],"class_list":["post-2150","post","type-post","status-publish","format-standard","hentry","category-allgemein","category-2-id","post-seq-1","post-parity-odd","meta-position-corners","fix"],"_links":{"self":[{"href":"https:\/\/prolog-zeichnung-und-text.de\/blog\/wp-json\/wp\/v2\/posts\/2150","targetHints":{"allow":["GET"]}}],"collection":[{"href":"https:\/\/prolog-zeichnung-und-text.de\/blog\/wp-json\/wp\/v2\/posts"}],"about":[{"href":"https:\/\/prolog-zeichnung-und-text.de\/blog\/wp-json\/wp\/v2\/types\/post"}],"author":[{"embeddable":true,"href":"https:\/\/prolog-zeichnung-und-text.de\/blog\/wp-json\/wp\/v2\/users\/2"}],"replies":[{"embeddable":true,"href":"https:\/\/prolog-zeichnung-und-text.de\/blog\/wp-json\/wp\/v2\/comments?post=2150"}],"version-history":[{"count":5,"href":"https:\/\/prolog-zeichnung-und-text.de\/blog\/wp-json\/wp\/v2\/posts\/2150\/revisions"}],"predecessor-version":[{"id":2157,"href":"https:\/\/prolog-zeichnung-und-text.de\/blog\/wp-json\/wp\/v2\/posts\/2150\/revisions\/2157"}],"wp:attachment":[{"href":"https:\/\/prolog-zeichnung-und-text.de\/blog\/wp-json\/wp\/v2\/media?parent=2150"}],"wp:term":[{"taxonomy":"category","embeddable":true,"href":"https:\/\/prolog-zeichnung-und-text.de\/blog\/wp-json\/wp\/v2\/categories?post=2150"},{"taxonomy":"post_tag","embeddable":true,"href":"https:\/\/prolog-zeichnung-und-text.de\/blog\/wp-json\/wp\/v2\/tags?post=2150"}],"curies":[{"name":"wp","href":"https:\/\/api.w.org\/{rel}","templated":true}]}}