{"id":402,"date":"2012-04-15T18:25:14","date_gmt":"2012-04-15T16:25:14","guid":{"rendered":"http:\/\/prolog-zeichnung-und-text.de\/blog\/?p=402"},"modified":"2012-04-15T18:25:14","modified_gmt":"2012-04-15T16:25:14","slug":"prolog-lesung-am-25-4-um-19-uhr-das-flos-im-betahaus","status":"publish","type":"post","link":"https:\/\/prolog-zeichnung-und-text.de\/blog\/prolog-lesung-am-25-4-um-19-uhr-das-flos-im-betahaus\/","title":{"rendered":"Prolog\/Lesung am 25.5. um 19 Uhr &#8211; &#8222;das Flo\u00df&#8220; im Betahaus"},"content":{"rendered":"<p><a href=\"https:\/\/prolog-zeichnung-und-text.de\/blog\/wp-content\/uploads\/das_Floss_2012.jpg\"><img loading=\"lazy\" decoding=\"async\" class=\"alignleft size-medium wp-image-417\" title=\"das_Floss_2012\" src=\"https:\/\/prolog-zeichnung-und-text.de\/blog\/wp-content\/uploads\/das_Floss_2012-300x181.jpg\" alt=\"Das Flo\u00df\" width=\"300\" height=\"181\" \/><\/a><\/p>\n<p>&#8211; Prolog geladen aufs Flo\u00df &#8211;<\/p>\n<p>Zum finalen Ende der Ausstellung <a title=\"das Floss\" href=\"https:\/\/www.das-floss.blogspot.de\/\" target=\"_blank\"><span style=\"color: #000000;\"><span style=\"background-color: #ffffff;\"><span style=\"color: #ff00ff;\">&#8222;Das Flo\u00df&#8220;<\/span> von Lucia Fischer, Kazuki Nakahara, Astrid Wellenbrock, Yvonne Andreini, Katharina Quecke (Er\u00f6ffnung am 19. 4., 19 Uhr, im Betahaus)<\/span><\/span><\/a><span style=\"color: #000000;\">, <\/span>ist <span style=\"color: #ff00ff;\">Prolog am <span style=\"text-decoration: underline;\">25.5. um 19 Uhr<\/span><\/span> geladen. Uns unterst\u00fctzen dabei<span style=\"color: #00ff00;\"> <\/span>d<span style=\"color: #000000;\">ie <\/span><span style=\"color: #ff00ff;\"><span style=\"color: #000000;\">Autoren <span style=\"text-decoration: underline; color: #ff00ff;\">Katrin Heinau, Caca Savic, Helko Reschitzki, Daniel Ludwig, Stefan Gro\u00df, Erwin Schumpeter<\/span><\/span><\/span> die ihre Texte <span style=\"color: #00ff00;\">lesend, murmelnd, gl\u00e4sern, raunend, um- &amp; <\/span>vortragen. Nach der Lesung spielt am Piano Christina Hanke-Bleidorn.<\/p>\n<address><a href=\"https:\/\/betahaus.de\/event\/vernissage-das-flo%C3%9F-zeichnung\/\" target=\"_blank\">Betahaus, Prinzessinnenstr. 19-20 \u2022 10969 Berlin<br \/>\n(U8 Moritzplatz) \u2022 Ausstellung im Cafe \u0301und im 4.OG \u2022<\/a><\/address>\n","protected":false},"excerpt":{"rendered":"<p>&#8211; Prolog geladen aufs Flo\u00df &#8211; Zum finalen Ende der Ausstellung &#8222;Das Flo\u00df&#8220; von Lucia Fischer, Kazuki Nakahara, Astrid Wellenbrock, Yvonne Andreini, Katharina Quecke (Er\u00f6ffnung am 19. 4., 19 Uhr, im Betahaus), ist Prolog am 25.5. um 19 Uhr geladen. Uns unterst\u00fctzen dabei die Autoren Katrin Heinau, Caca Savic, Helko Reschitzki, Daniel Ludwig, Stefan Gro\u00df, <a href='https:\/\/prolog-zeichnung-und-text.de\/blog\/prolog-lesung-am-25-4-um-19-uhr-das-flos-im-betahaus\/' class='excerpt-more'>[&#8230;]<\/a><\/p>\n","protected":false},"author":2,"featured_media":0,"comment_status":"closed","ping_status":"closed","sticky":false,"template":"","format":"standard","meta":{"footnotes":""},"categories":[4],"tags":[],"class_list":["post-402","post","type-post","status-publish","format-standard","hentry","category-veranstaltung","category-4-id","post-seq-1","post-parity-odd","meta-position-corners","fix"],"_links":{"self":[{"href":"https:\/\/prolog-zeichnung-und-text.de\/blog\/wp-json\/wp\/v2\/posts\/402","targetHints":{"allow":["GET"]}}],"collection":[{"href":"https:\/\/prolog-zeichnung-und-text.de\/blog\/wp-json\/wp\/v2\/posts"}],"about":[{"href":"https:\/\/prolog-zeichnung-und-text.de\/blog\/wp-json\/wp\/v2\/types\/post"}],"author":[{"embeddable":true,"href":"https:\/\/prolog-zeichnung-und-text.de\/blog\/wp-json\/wp\/v2\/users\/2"}],"replies":[{"embeddable":true,"href":"https:\/\/prolog-zeichnung-und-text.de\/blog\/wp-json\/wp\/v2\/comments?post=402"}],"version-history":[{"count":0,"href":"https:\/\/prolog-zeichnung-und-text.de\/blog\/wp-json\/wp\/v2\/posts\/402\/revisions"}],"wp:attachment":[{"href":"https:\/\/prolog-zeichnung-und-text.de\/blog\/wp-json\/wp\/v2\/media?parent=402"}],"wp:term":[{"taxonomy":"category","embeddable":true,"href":"https:\/\/prolog-zeichnung-und-text.de\/blog\/wp-json\/wp\/v2\/categories?post=402"},{"taxonomy":"post_tag","embeddable":true,"href":"https:\/\/prolog-zeichnung-und-text.de\/blog\/wp-json\/wp\/v2\/tags?post=402"}],"curies":[{"name":"wp","href":"https:\/\/api.w.org\/{rel}","templated":true}]}}