{"id":781,"date":"2013-07-09T00:00:31","date_gmt":"2013-07-09T00:00:31","guid":{"rendered":"http:\/\/prolog-zeichnung-und-text.de\/blog\/?p=781"},"modified":"2023-04-21T18:13:43","modified_gmt":"2023-04-21T18:13:43","slug":"prolog-nr-11","status":"publish","type":"post","link":"https:\/\/prolog-zeichnung-und-text.de\/blog\/prolog-nr-11\/","title":{"rendered":"Prolog Nr.11"},"content":{"rendered":"<p><span style=\"color: #ff6600;\"><em><span style=\"font-size: medium;\">Heute erscheint der neue Prolog.<\/span><\/em><\/span><img loading=\"lazy\" decoding=\"async\" class=\"alignright size-medium wp-image-790\" title=\"prolog11heft\" src=\"https:\/\/prolog-zeichnung-und-text.de\/blog\/wp-content\/uploads\/prolog11heft-210x300.jpg\" alt=\"\" width=\"210\" height=\"300\" \/><\/p>\n<p>Dienstag, den 9.7.2013\u00a0 17-21.30 Uhr Er\u00f6ffnung der Ausstellung mit Heftpr\u00e4sentation, ab 19 Uhr Kurzlesungen von und mit Melanie Katz, Mikael Vogel, Anett Lau, Clemens Schittko, Kai Pohl, Silke Galla, HEL Toussaint u.a.<\/p>\n<p>Die Ausstellung ist am 10. und 11.7.2013 von 15-21 Uhr ge\u00f6ffnet.<\/p>\n<p><a href=\"https:\/\/www.i-a-m.tk\/abteilung-fuer-alles-andere.html\">Institut f\u00fcr Alles M\u00f6gliche., Abteilung f\u00fcr alles Andere, Ackerstra\u00dfe 18, 10115 Berlin \/ Mitte.<\/a><\/p>\n<p><a href=\"https:\/\/prolog-zeichnung-und-text.de\/blog\/kontakt\/\">Das  Heft ist bestellbar. Es ist 48 Seiten stark und enth\u00e4lt Beitr\u00e4ge von 53  K\u00fcnstlern und Autoren. Es kostet im Einzelverkauf 10 Euro.<\/a><\/p>\n","protected":false},"excerpt":{"rendered":"<p>Heute erscheint der neue Prolog. Dienstag, den 9.7.2013\u00a0 17-21.30 Uhr Er\u00f6ffnung der Ausstellung mit Heftpr\u00e4sentation, ab 19 Uhr Kurzlesungen von und mit Melanie Katz, Mikael Vogel, Anett Lau, Clemens Schittko, Kai Pohl, Silke Galla, HEL Toussaint u.a. Die Ausstellung ist am 10. und 11.7.2013 von 15-21 Uhr ge\u00f6ffnet. Institut f\u00fcr Alles M\u00f6gliche., Abteilung f\u00fcr alles <a href='https:\/\/prolog-zeichnung-und-text.de\/blog\/prolog-nr-11\/' class='excerpt-more'>[&#8230;]<\/a><\/p>\n","protected":false},"author":2,"featured_media":0,"comment_status":"closed","ping_status":"closed","sticky":false,"template":"","format":"standard","meta":{"footnotes":""},"categories":[2],"tags":[],"class_list":["post-781","post","type-post","status-publish","format-standard","hentry","category-allgemein","category-2-id","post-seq-1","post-parity-odd","meta-position-corners","fix"],"_links":{"self":[{"href":"https:\/\/prolog-zeichnung-und-text.de\/blog\/wp-json\/wp\/v2\/posts\/781","targetHints":{"allow":["GET"]}}],"collection":[{"href":"https:\/\/prolog-zeichnung-und-text.de\/blog\/wp-json\/wp\/v2\/posts"}],"about":[{"href":"https:\/\/prolog-zeichnung-und-text.de\/blog\/wp-json\/wp\/v2\/types\/post"}],"author":[{"embeddable":true,"href":"https:\/\/prolog-zeichnung-und-text.de\/blog\/wp-json\/wp\/v2\/users\/2"}],"replies":[{"embeddable":true,"href":"https:\/\/prolog-zeichnung-und-text.de\/blog\/wp-json\/wp\/v2\/comments?post=781"}],"version-history":[{"count":1,"href":"https:\/\/prolog-zeichnung-und-text.de\/blog\/wp-json\/wp\/v2\/posts\/781\/revisions"}],"predecessor-version":[{"id":3251,"href":"https:\/\/prolog-zeichnung-und-text.de\/blog\/wp-json\/wp\/v2\/posts\/781\/revisions\/3251"}],"wp:attachment":[{"href":"https:\/\/prolog-zeichnung-und-text.de\/blog\/wp-json\/wp\/v2\/media?parent=781"}],"wp:term":[{"taxonomy":"category","embeddable":true,"href":"https:\/\/prolog-zeichnung-und-text.de\/blog\/wp-json\/wp\/v2\/categories?post=781"},{"taxonomy":"post_tag","embeddable":true,"href":"https:\/\/prolog-zeichnung-und-text.de\/blog\/wp-json\/wp\/v2\/tags?post=781"}],"curies":[{"name":"wp","href":"https:\/\/api.w.org\/{rel}","templated":true}]}}