{"id":792,"date":"2013-07-14T16:40:11","date_gmt":"2013-07-14T14:40:11","guid":{"rendered":"http:\/\/prolog-zeichnung-und-text.de\/blog\/?p=792"},"modified":"2013-07-14T16:40:11","modified_gmt":"2013-07-14T14:40:11","slug":"das-ungesehene-bleibt-geheim","status":"publish","type":"post","link":"https:\/\/prolog-zeichnung-und-text.de\/blog\/das-ungesehene-bleibt-geheim\/","title":{"rendered":"Das Ungesehene bleibt geheim"},"content":{"rendered":"<p><img loading=\"lazy\" decoding=\"async\" class=\"alignright size-medium wp-image-798\" title=\"ansicht11\" src=\"https:\/\/prolog-zeichnung-und-text.de\/blog\/wp-content\/uploads\/ansicht111-300x226.jpg\" alt=\"\" width=\"300\" height=\"226\" \/>Extra zum Erscheinen des Prolog Nr. 11 gab es den einzigen Hochsommertag in Berlin &#8211; unz\u00e4hlige M\u00e4nner-, Frauen-, Kinder- und 8 Hundeknie&#8230;Die Ausstellung zum Prolog Nr. 11 und deren Er\u00f6ffnung im Bild (<a title=\"Prolog Nr.11 Ausstellung\" href=\"https:\/\/prolog-zeichnung-und-text.de\/archivausstellung\/ackerstr18\/drinnen\/ackerstr18.html\" target=\"_blank\">Bilder der Ausstellung\/Link<\/a>)<\/p>\n<p>Aus der Er\u00f6ffnungsrede:<\/p>\n<p><em><span style=\"font-size: small;\">&#8222;Mit diesem neuen Heft hat Prolog nun das K\u00fcrzel Nummer. Der letzte Prolog war Prolog 9 zum Thema hier und da, wobei Prolog 9 die zehnte Ausgabe des Heftes war. Wieso? Weil nach der 5. Ausgabe die 5,5 erschien, die eigentlich die 6. Ausgabe war und die 6. dann eigentlich die 7. und so weiter. Nun ist mit der Nummer 11 wieder Ordnung in die Struktur gebracht, denn sie ist auch die elfte Ausgabe. <\/span><\/em><\/p>\n<p><em><span style=\"font-size: small;\">Seit Beginn des Heftes gibt es zu jedem Erscheinen einer neuen Ausgabe Ausstellung, Lesung und anderes, so etwas wie Werkproben und Erweiterungen der Beteiligten. Die Orte daf\u00fcr wechseln, es sind waren Projektr\u00e4ume, Galerien, ein Atelier, ein G\u00e4rten, ein Kaffeladen. Dieses Mal also hier im Institut f\u00fcr alles M\u00f6gliche, Abteilung f\u00fcr alles Andere. Einen Dank an Stefan Riebel f\u00fcr den Raum.<\/span><\/em><\/p>\n<p><em><span style=\"font-size: small;\">In der aktuellen Ausstellung finden sich Arbeiten von 27 K\u00fcnstlern und K\u00fcnstlerinnen, die im Prolog Nr. 11 einen Beitrag haben. Das sind neben vielen K\u00fcnstlern, die in Berlin leben, auch K\u00fcnstler aus Wien, wie Stefan Malicky, aus Z\u00fcrich Enrico Weinert, aus M\u00fcnchen Matthias Wohlgenannt, Alessandro Chiodo aus M\u00fcnster, Margarete Lindau aus Mannheim und Albrecht Wild aus Frankfurt am Main, die uns alle ihre Arbeiten extra geschickt oder gebracht haben. Einen Dank daf\u00fcr, auch f\u00fcr den entspannten Aufbau und manche helfende Hand.<\/span><\/em><\/p>\n<p><em><span style=\"font-size: small;\">Neben vielem anderen, das zu entdecken lohnt, gibt es im Prolog Nr.11 ein Interview mit Henrik Jacob vom Kulturpalast Wedding und einen berufsweisen Text von Oskar Manigk \u00fcber einen Kunstpreis. Au\u00dferdem erfahren wir, was Birgit Graschopf in Tokio gemacht hat und was Mikail Lezin aus Russland umtreibt, fein ziselierte Lyrik von Mikael Vogel und Susanne Eules, auch den unerbittlichen Gegenwartston von Kai Pohl&#8230;&#8220;<\/span><\/em><\/p>\n","protected":false},"excerpt":{"rendered":"<p>Extra zum Erscheinen des Prolog Nr. 11 gab es den einzigen Hochsommertag in Berlin &#8211; unz\u00e4hlige M\u00e4nner-, Frauen-, Kinder- und 8 Hundeknie&#8230;Die Ausstellung zum Prolog Nr. 11 und deren Er\u00f6ffnung im Bild (Bilder der Ausstellung\/Link) Aus der Er\u00f6ffnungsrede: &#8222;Mit diesem neuen Heft hat Prolog nun das K\u00fcrzel Nummer. Der letzte Prolog war Prolog 9 zum <a href='https:\/\/prolog-zeichnung-und-text.de\/blog\/das-ungesehene-bleibt-geheim\/' class='excerpt-more'>[&#8230;]<\/a><\/p>\n","protected":false},"author":2,"featured_media":0,"comment_status":"open","ping_status":"closed","sticky":false,"template":"","format":"standard","meta":{"footnotes":""},"categories":[2],"tags":[],"class_list":["post-792","post","type-post","status-publish","format-standard","hentry","category-allgemein","category-2-id","post-seq-1","post-parity-odd","meta-position-corners","fix"],"_links":{"self":[{"href":"https:\/\/prolog-zeichnung-und-text.de\/blog\/wp-json\/wp\/v2\/posts\/792","targetHints":{"allow":["GET"]}}],"collection":[{"href":"https:\/\/prolog-zeichnung-und-text.de\/blog\/wp-json\/wp\/v2\/posts"}],"about":[{"href":"https:\/\/prolog-zeichnung-und-text.de\/blog\/wp-json\/wp\/v2\/types\/post"}],"author":[{"embeddable":true,"href":"https:\/\/prolog-zeichnung-und-text.de\/blog\/wp-json\/wp\/v2\/users\/2"}],"replies":[{"embeddable":true,"href":"https:\/\/prolog-zeichnung-und-text.de\/blog\/wp-json\/wp\/v2\/comments?post=792"}],"version-history":[{"count":0,"href":"https:\/\/prolog-zeichnung-und-text.de\/blog\/wp-json\/wp\/v2\/posts\/792\/revisions"}],"wp:attachment":[{"href":"https:\/\/prolog-zeichnung-und-text.de\/blog\/wp-json\/wp\/v2\/media?parent=792"}],"wp:term":[{"taxonomy":"category","embeddable":true,"href":"https:\/\/prolog-zeichnung-und-text.de\/blog\/wp-json\/wp\/v2\/categories?post=792"},{"taxonomy":"post_tag","embeddable":true,"href":"https:\/\/prolog-zeichnung-und-text.de\/blog\/wp-json\/wp\/v2\/tags?post=792"}],"curies":[{"name":"wp","href":"https:\/\/api.w.org\/{rel}","templated":true}]}}