{"id":832,"date":"2013-07-15T01:04:59","date_gmt":"2013-07-14T23:04:59","guid":{"rendered":"http:\/\/prolog-zeichnung-und-text.de\/blog\/?p=832"},"modified":"2013-07-15T01:04:59","modified_gmt":"2013-07-14T23:04:59","slug":"832","status":"publish","type":"post","link":"https:\/\/prolog-zeichnung-und-text.de\/blog\/832\/","title":{"rendered":"\u201cPower den Eichh\u00f8rnchen\u201d im KUNSTPAVILLON HERINGSDORF"},"content":{"rendered":"<p><a rel=\"attachment wp-att-724\" href=\"https:\/\/prolog-zeichnung-und-text.de\/blog\/power-den-eichh%c3%b8rnchen\/banner\/\"><img loading=\"lazy\" decoding=\"async\" title=\"Power den Eichh\u00f8rnchen banner\" src=\"https:\/\/prolog-zeichnung-und-text.de\/blog\/wp-content\/uploads\/banner.jpg\" alt=\"\" width=\"1200\" height=\"130\" \/><\/a><\/p>\n<p><a href=\"https:\/\/www.kunstpavillon-ostseebad-heringsdorf.de\/ausstellungen.html\" target=\"_new\">Vom 10.8.-22.9. Prolog-Ausstellung &#8222;Power den Eichh\u00f8rnchen&#8220; in Heringsdorf auf\u00a0 Usedom.<\/a><\/p>\n<p>\u201cPower den Eichh\u00f8rnchen\u201d  pr\u00e4sentiert eine Auswahl von K\u00fcnstler- und AutorInnen, die in der  Vergangenheit in der K\u00fcnstlerzeitschrift Prolog &#8211; Heft f\u00fcr Zeichnung und  Text ver\u00f6ffentlicht haben und deren Entwicklung mit ihren Werken  beeinflussten. Das Heft hat seit seiner Gr\u00fcndung 2007 ein lockeres  unpr\u00e4tenti\u00f6ses Netzwerk entstehen lassen. So kommen im Kunstpavillon  Heringsdorf K\u00fcnstler und Autoren aus der BRD (vom Allg\u00e4u bis zur Insel  Usedom), \u00d6sterreich, Italien, Frankreich, Gro\u00dfbritannien und Albanien  zusammen, die fast drei Generationen \u00fcberspannen. Allen verbindend ist  ein ernstes Bestreben um Exaktheit in ihrer Arbeit, obgleich der Gestus  dabei immer spielerisch ist. Oft ist der Zugang zu ihren Medien, sei es  Zeichnung, Lyrik, Bildhauerei, Prosa usw., von pers\u00f6nlich-subjektiver  Pr\u00e4gung.<\/p>\n<p>Es ist eine Ausstellung mit Zeichnungen, Bildern, Objekten und Texten von:  Alexander  Klenz, Andreas Koletzki, Anke Becker, Anton Schwarzbach, Astrid Menze,  Caca Savic, Christoph Janik, Crauss., Dorit Trebeljahr, Enrico Weinert,  Hanna Hennenkemper, Henning Hennenkemper, J\u00e9r\u00f4me Chazeix, Jochen  Schneider, Johanna Silbermann, Kai Pohl, Katrin Heinau, Klaus Erich  Dietl, Liana Zanfrisco, Majla Zeneli, Marcus Wittmers, Matthias  Wegehaupt, Matthias Wohlgenannt, Mikael Vogel, Oskar Manigk,  Patrick  WEH Weiland, Robert Mie\u00dfner, Ross Henriksen, Saskia Buwert, Stefan  Malicky, Susanne Eules, Todosch Schlopsnies, Uta Koslik, Yvonne Andreini<\/p>\n<p>Der Titel \u201cPower den Eichh\u00f8rnchen\u201d  ist dem Gedicht \u201cLichtungen\u201c von Susanne Eules entliehen. Was ist die  Kraft oder die Macht der Eichh\u00f8rnchen und was sind Eichh\u00f8rnchen? Die  flei\u00dfigen possierlichen Nussracker? Oder das rot lodernde Tier auf den  Waldbrand-Warntafeln? Meint \u201ePower den Eichh\u00f8rnchen\u201d die Geduld der  K\u00fcnstler im Kleinsten mit dem Blick auf\u2019s Gro\u00dfe? Oder etwas anderes? Im  Gedicht ist es die Beobachtung eines Moments \u201cseilen entlang : akrobatik  des gegn [wartsblicks]\u201d geht es weiter. In der Gegenwart zwischen  surrealer Traumhaftigkeit und dem realen Jetzt treffen die Arbeiten  aufeinander, noch auf Sand, fast im Wasser der Ostsee.<\/p>\n<p>Im  Kunstpavillon Heringsdorf werden sowohl die aktuelle Ausgabe Nr. 11 zum  Thema \u201cstruktur(en)\u201d, als auch alle vorhergehenden Ausgaben des Prolog-  Heft f\u00fcr Zeichnung und Text pr\u00e4sentiert.\u00a0\u00a0\u00a0\u00a0\u00a0 D.T\/A.S.<\/p>\n<p>&nbsp;<\/p>\n<p><small><big>10.08. 17.00 Uhr Vernissage \u201cPower den Eichh\u00f8rnchen\u201d  mit einer Vorrede und strukturierenden Worten von Robert Mie\u00dfner, ab   18.30 Uhr Kurzlesungen mit Kai Pohl, Stefan Malicky, Mikael Vogel,   Robert Mie\u00dfner, Performance von Patrick WEH Weiland \/ \u201cChipmunks in the   temple of death\u201d, eine musikalische Zumutung, Todosch Schlopsnies \/   \u201cAussage gegen Aussage\u201d, Audio-Performance, Klaus Erich Dietl und Steffi   M\u00fcller<\/big><\/small><\/p>\n<p><small><big>14.08. 20.00 Uhr Lesung \u201c2, 3, Prim\u201d, Mikael Vogel, Crauss. und Ross Henriksen lesen im Rahmen von \u201cPower den Eichh\u00f8rnchen\u201d aus ihren Werken.<\/big><\/small><\/p>\n<p><small><big> <\/big><\/small> <small><big>22.09. 19.00 Uhr Finissage,  Dorit  Trebeljahr, Anton Schwarzbach und Caca Savic lesen eigene und  Texte aus  dem PROLOG \u2013 Heft f\u00fcr Zeichnung und Text<\/big><\/small><\/p>\n<p>&nbsp;<\/p>\n<p style=\"text-align: center;\"><big><em><big><small>KUNSTPAVILLON HERINGSDORF\/<br \/>\nUSEDOMER KUNSTVEREIN e.V.<br \/>\nAuf der Promenade am Rosengarten,<br \/>\n17424 Heringsdorf<br \/>\nwww.kunstpavillon-ostseebad-heringsdorf.de<br \/>\n\u00d6ffnungszeiten:<br \/>\nMi. bis So. 15 &#8211; 19 Uhr<\/small><\/big><\/em><\/big><\/p>\n<p style=\"text-align: center;\"><a href=\"https:\/\/www.kunstpavillon-ostseebad-heringsdorf.de\/index.html\"><br \/>\n<\/a><img loading=\"lazy\" decoding=\"async\" title=\"plak_klein\" src=\"https:\/\/prolog-zeichnung-und-text.de\/blog\/wp-content\/uploads\/plak_klein-212x300.jpg\" alt=\"\" width=\"212\" height=\"300\" \/><a href=\"https:\/\/prolog-zeichnung-und-text.de\/blog\/wp-content\/uploads\/plak_klein.pdf\"><\/a><\/p>\n<p style=\"text-align: center;\"><a href=\"https:\/\/prolog-zeichnung-und-text.de\/blog\/wp-content\/uploads\/plak_klein.pdf\"> Plakat mit Ausstellenden und Bildern (750KB)<\/a><\/p>\n<p style=\"text-align: center;\"><a href=\"https:\/\/www.kunstpavillon-ostseebad-heringsdorf.de\/index.html\">Link zum Kunstverein Heringsdorf und zum Pavillon<\/a><\/p>\n","protected":false},"excerpt":{"rendered":"<p>Vom 10.8.-22.9. Prolog-Ausstellung &#8222;Power den Eichh\u00f8rnchen&#8220; in Heringsdorf auf\u00a0 Usedom. \u201cPower den Eichh\u00f8rnchen\u201d pr\u00e4sentiert eine Auswahl von K\u00fcnstler- und AutorInnen, die in der Vergangenheit in der K\u00fcnstlerzeitschrift Prolog &#8211; Heft f\u00fcr Zeichnung und Text ver\u00f6ffentlicht haben und deren Entwicklung mit ihren Werken beeinflussten. Das Heft hat seit seiner Gr\u00fcndung 2007 ein lockeres unpr\u00e4tenti\u00f6ses Netzwerk entstehen <a href='https:\/\/prolog-zeichnung-und-text.de\/blog\/832\/' class='excerpt-more'>[&#8230;]<\/a><\/p>\n","protected":false},"author":2,"featured_media":0,"comment_status":"closed","ping_status":"closed","sticky":false,"template":"","format":"standard","meta":{"footnotes":""},"categories":[2,4],"tags":[],"class_list":["post-832","post","type-post","status-publish","format-standard","hentry","category-allgemein","category-veranstaltung","category-2-id","category-4-id","post-seq-1","post-parity-odd","meta-position-corners","fix"],"_links":{"self":[{"href":"https:\/\/prolog-zeichnung-und-text.de\/blog\/wp-json\/wp\/v2\/posts\/832","targetHints":{"allow":["GET"]}}],"collection":[{"href":"https:\/\/prolog-zeichnung-und-text.de\/blog\/wp-json\/wp\/v2\/posts"}],"about":[{"href":"https:\/\/prolog-zeichnung-und-text.de\/blog\/wp-json\/wp\/v2\/types\/post"}],"author":[{"embeddable":true,"href":"https:\/\/prolog-zeichnung-und-text.de\/blog\/wp-json\/wp\/v2\/users\/2"}],"replies":[{"embeddable":true,"href":"https:\/\/prolog-zeichnung-und-text.de\/blog\/wp-json\/wp\/v2\/comments?post=832"}],"version-history":[{"count":0,"href":"https:\/\/prolog-zeichnung-und-text.de\/blog\/wp-json\/wp\/v2\/posts\/832\/revisions"}],"wp:attachment":[{"href":"https:\/\/prolog-zeichnung-und-text.de\/blog\/wp-json\/wp\/v2\/media?parent=832"}],"wp:term":[{"taxonomy":"category","embeddable":true,"href":"https:\/\/prolog-zeichnung-und-text.de\/blog\/wp-json\/wp\/v2\/categories?post=832"},{"taxonomy":"post_tag","embeddable":true,"href":"https:\/\/prolog-zeichnung-und-text.de\/blog\/wp-json\/wp\/v2\/tags?post=832"}],"curies":[{"name":"wp","href":"https:\/\/api.w.org\/{rel}","templated":true}]}}